{"id":425,"date":"2021-07-06T14:31:51","date_gmt":"2021-07-06T12:31:51","guid":{"rendered":"https:\/\/www.boomkwekerijroelofs.nl\/de\/?p=425"},"modified":"2021-08-18T13:12:43","modified_gmt":"2021-08-18T11:12:43","slug":"apfeltag-2021","status":"publish","type":"post","link":"https:\/\/www.boomkwekerijroelofs.nl\/de\/apfeltag-2021\/","title":{"rendered":"Apfeltag 2021"},"content":{"rendered":"<p>Er ist wieder da! Der Apfeltag&#8230;<br \/>\nEs freut uns, Sie auf unserem Stand auf dem Wirtschaftshof DLR Rheinpfalz begr\u00fcssen zu k\u00f6nnen. Wir informieren Sie gerne \u00fcber die Verbessungen im Sortiment und die Baumerziehung in der Baumschule.<\/p>\n<p><a href=\"https:\/\/www.boomkwekerijroelofs.nl\/wp-content\/uploads\/sites\/3\/2021\/07\/Apfeltag_Programm_2021.pdf\">Apfeltag Programm und Anfahrtsskizze 2021<\/a><\/p>\n<p><a href=\"https:\/\/www.boomkwekerijroelofs.nl\/wp-content\/uploads\/sites\/3\/2021\/07\/2021-Gelaendeplan.pdf\">Gel\u00e4ndeplan zu unserem Stand<\/a><\/p>\n<p>&nbsp;<\/p>\n","protected":false},"excerpt":{"rendered":"<p>Er ist wieder da! Der Apfeltag&#8230; Es freut uns, Sie auf unserem Stand auf dem Wirtschaftshof DLR Rheinpfalz begr\u00fcssen zu k\u00f6nnen. Wir informieren Sie gerne \u00fcber die Verbessungen im Sortiment und die Baumerziehung in der Baumschule. Apfeltag Programm und Anfahrtsskizze 2021 Gel\u00e4ndeplan zu unserem Stand &nbsp;<\/p>\n","protected":false},"author":2,"featured_media":428,"comment_status":"open","ping_status":"open","sticky":false,"template":"","format":"standard","meta":{"_acf_changed":false,"footnotes":""},"categories":[1],"tags":[],"class_list":["post-425","post","type-post","status-publish","format-standard","has-post-thumbnail","hentry","category-geen-categorie"],"acf":[],"yoast_head":"<!-- This site is optimized with the Yoast SEO plugin v27.5 - https:\/\/yoast.com\/product\/yoast-seo-wordpress\/ -->\n<title>Apfeltag 2021 - Roelofs Baumschule<\/title>\n<meta name=\"robots\" content=\"index, follow, max-snippet:-1, max-image-preview:large, max-video-preview:-1\" \/>\n<link rel=\"canonical\" href=\"https:\/\/www.boomkwekerijroelofs.nl\/de\/apfeltag-2021\/\" \/>\n<meta property=\"og:locale\" content=\"de_DE\" \/>\n<meta property=\"og:type\" content=\"article\" \/>\n<meta property=\"og:title\" content=\"Apfeltag 2021 - Roelofs Baumschule\" \/>\n<meta property=\"og:description\" content=\"Er ist wieder da! Der Apfeltag&#8230; Es freut uns, Sie auf unserem Stand auf dem Wirtschaftshof DLR Rheinpfalz begr\u00fcssen zu k\u00f6nnen. Wir informieren Sie gerne \u00fcber die Verbessungen im Sortiment und die Baumerziehung in der Baumschule. Apfeltag Programm und Anfahrtsskizze 2021 Gel\u00e4ndeplan zu unserem Stand &nbsp;\" \/>\n<meta property=\"og:url\" content=\"https:\/\/www.boomkwekerijroelofs.nl\/de\/apfeltag-2021\/\" \/>\n<meta property=\"og:site_name\" content=\"Roelofs Baumschule\" \/>\n<meta property=\"article:published_time\" content=\"2021-07-06T12:31:51+00:00\" \/>\n<meta property=\"article:modified_time\" content=\"2021-08-18T11:12:43+00:00\" \/>\n<meta property=\"og:image\" content=\"https:\/\/www.boomkwekerijroelofs.nl\/wp-content\/uploads\/sites\/3\/2021\/07\/appel-beurs-scaled.jpg\" \/>\n\t<meta property=\"og:image:width\" content=\"2560\" \/>\n\t<meta property=\"og:image:height\" content=\"1920\" \/>\n\t<meta property=\"og:image:type\" content=\"image\/jpeg\" \/>\n<meta name=\"author\" content=\"claudia\" \/>\n<meta name=\"twitter:card\" content=\"summary_large_image\" \/>\n<meta name=\"twitter:label1\" content=\"Verfasst von\" \/>\n\t<meta name=\"twitter:data1\" content=\"claudia\" \/>\n\t<meta name=\"twitter:label2\" content=\"Gesch\u00e4tzte Lesezeit\" \/>\n\t<meta name=\"twitter:data2\" content=\"1\u00a0Minute\" \/>\n<script type=\"application\/ld+json\" class=\"yoast-schema-graph\">{\"@context\":\"https:\\\/\\\/schema.org\",\"@graph\":[{\"@type\":\"Article\",\"@id\":\"https:\\\/\\\/www.boomkwekerijroelofs.nl\\\/de\\\/apfeltag-2021\\\/#article\",\"isPartOf\":{\"@id\":\"https:\\\/\\\/www.boomkwekerijroelofs.nl\\\/de\\\/apfeltag-2021\\\/\"},\"author\":{\"name\":\"claudia\",\"@id\":\"https:\\\/\\\/www.boomkwekerijroelofs.nl\\\/de\\\/#\\\/schema\\\/person\\\/7094e601377c96bf36bbf7515fbcd04e\"},\"headline\":\"Apfeltag 2021\",\"datePublished\":\"2021-07-06T12:31:51+00:00\",\"dateModified\":\"2021-08-18T11:12:43+00:00\",\"mainEntityOfPage\":{\"@id\":\"https:\\\/\\\/www.boomkwekerijroelofs.nl\\\/de\\\/apfeltag-2021\\\/\"},\"wordCount\":49,\"commentCount\":0,\"image\":{\"@id\":\"https:\\\/\\\/www.boomkwekerijroelofs.nl\\\/de\\\/apfeltag-2021\\\/#primaryimage\"},\"thumbnailUrl\":\"https:\\\/\\\/www.boomkwekerijroelofs.nl\\\/wp-content\\\/uploads\\\/sites\\\/3\\\/2021\\\/07\\\/appel-beurs-scaled.jpg\",\"articleSection\":[\"Geen categorie\"],\"inLanguage\":\"de\",\"potentialAction\":[{\"@type\":\"CommentAction\",\"name\":\"Comment\",\"target\":[\"https:\\\/\\\/www.boomkwekerijroelofs.nl\\\/de\\\/apfeltag-2021\\\/#respond\"]}]},{\"@type\":\"WebPage\",\"@id\":\"https:\\\/\\\/www.boomkwekerijroelofs.nl\\\/de\\\/apfeltag-2021\\\/\",\"url\":\"https:\\\/\\\/www.boomkwekerijroelofs.nl\\\/de\\\/apfeltag-2021\\\/\",\"name\":\"Apfeltag 2021 - Roelofs Baumschule\",\"isPartOf\":{\"@id\":\"https:\\\/\\\/www.boomkwekerijroelofs.nl\\\/de\\\/#website\"},\"primaryImageOfPage\":{\"@id\":\"https:\\\/\\\/www.boomkwekerijroelofs.nl\\\/de\\\/apfeltag-2021\\\/#primaryimage\"},\"image\":{\"@id\":\"https:\\\/\\\/www.boomkwekerijroelofs.nl\\\/de\\\/apfeltag-2021\\\/#primaryimage\"},\"thumbnailUrl\":\"https:\\\/\\\/www.boomkwekerijroelofs.nl\\\/wp-content\\\/uploads\\\/sites\\\/3\\\/2021\\\/07\\\/appel-beurs-scaled.jpg\",\"datePublished\":\"2021-07-06T12:31:51+00:00\",\"dateModified\":\"2021-08-18T11:12:43+00:00\",\"author\":{\"@id\":\"https:\\\/\\\/www.boomkwekerijroelofs.nl\\\/de\\\/#\\\/schema\\\/person\\\/7094e601377c96bf36bbf7515fbcd04e\"},\"breadcrumb\":{\"@id\":\"https:\\\/\\\/www.boomkwekerijroelofs.nl\\\/de\\\/apfeltag-2021\\\/#breadcrumb\"},\"inLanguage\":\"de\",\"potentialAction\":[{\"@type\":\"ReadAction\",\"target\":[\"https:\\\/\\\/www.boomkwekerijroelofs.nl\\\/de\\\/apfeltag-2021\\\/\"]}]},{\"@type\":\"ImageObject\",\"inLanguage\":\"de\",\"@id\":\"https:\\\/\\\/www.boomkwekerijroelofs.nl\\\/de\\\/apfeltag-2021\\\/#primaryimage\",\"url\":\"https:\\\/\\\/www.boomkwekerijroelofs.nl\\\/wp-content\\\/uploads\\\/sites\\\/3\\\/2021\\\/07\\\/appel-beurs-scaled.jpg\",\"contentUrl\":\"https:\\\/\\\/www.boomkwekerijroelofs.nl\\\/wp-content\\\/uploads\\\/sites\\\/3\\\/2021\\\/07\\\/appel-beurs-scaled.jpg\",\"width\":2560,\"height\":1920},{\"@type\":\"BreadcrumbList\",\"@id\":\"https:\\\/\\\/www.boomkwekerijroelofs.nl\\\/de\\\/apfeltag-2021\\\/#breadcrumb\",\"itemListElement\":[{\"@type\":\"ListItem\",\"position\":1,\"name\":\"Home\",\"item\":\"https:\\\/\\\/www.boomkwekerijroelofs.nl\\\/de\\\/\"},{\"@type\":\"ListItem\",\"position\":2,\"name\":\"Apfeltag 2021\"}]},{\"@type\":\"WebSite\",\"@id\":\"https:\\\/\\\/www.boomkwekerijroelofs.nl\\\/de\\\/#website\",\"url\":\"https:\\\/\\\/www.boomkwekerijroelofs.nl\\\/de\\\/\",\"name\":\"Roelofs Baumschule\",\"description\":\"\",\"potentialAction\":[{\"@type\":\"SearchAction\",\"target\":{\"@type\":\"EntryPoint\",\"urlTemplate\":\"https:\\\/\\\/www.boomkwekerijroelofs.nl\\\/de\\\/?s={search_term_string}\"},\"query-input\":{\"@type\":\"PropertyValueSpecification\",\"valueRequired\":true,\"valueName\":\"search_term_string\"}}],\"inLanguage\":\"de\"},{\"@type\":\"Person\",\"@id\":\"https:\\\/\\\/www.boomkwekerijroelofs.nl\\\/de\\\/#\\\/schema\\\/person\\\/7094e601377c96bf36bbf7515fbcd04e\",\"name\":\"claudia\",\"image\":{\"@type\":\"ImageObject\",\"inLanguage\":\"de\",\"@id\":\"https:\\\/\\\/secure.gravatar.com\\\/avatar\\\/8ff051ffbd3b40f0e2c9f52365c326e19bf756e3665630a1663524105f7df52c?s=96&d=mm&r=g\",\"url\":\"https:\\\/\\\/secure.gravatar.com\\\/avatar\\\/8ff051ffbd3b40f0e2c9f52365c326e19bf756e3665630a1663524105f7df52c?s=96&d=mm&r=g\",\"contentUrl\":\"https:\\\/\\\/secure.gravatar.com\\\/avatar\\\/8ff051ffbd3b40f0e2c9f52365c326e19bf756e3665630a1663524105f7df52c?s=96&d=mm&r=g\",\"caption\":\"claudia\"},\"url\":\"https:\\\/\\\/www.boomkwekerijroelofs.nl\\\/de\\\/author\\\/claudia\\\/\"}]}<\/script>\n<!-- \/ Yoast SEO plugin. -->","yoast_head_json":{"title":"Apfeltag 2021 - Roelofs Baumschule","robots":{"index":"index","follow":"follow","max-snippet":"max-snippet:-1","max-image-preview":"max-image-preview:large","max-video-preview":"max-video-preview:-1"},"canonical":"https:\/\/www.boomkwekerijroelofs.nl\/de\/apfeltag-2021\/","og_locale":"de_DE","og_type":"article","og_title":"Apfeltag 2021 - Roelofs Baumschule","og_description":"Er ist wieder da! Der Apfeltag&#8230; Es freut uns, Sie auf unserem Stand auf dem Wirtschaftshof DLR Rheinpfalz begr\u00fcssen zu k\u00f6nnen. Wir informieren Sie gerne \u00fcber die Verbessungen im Sortiment und die Baumerziehung in der Baumschule. Apfeltag Programm und Anfahrtsskizze 2021 Gel\u00e4ndeplan zu unserem Stand &nbsp;","og_url":"https:\/\/www.boomkwekerijroelofs.nl\/de\/apfeltag-2021\/","og_site_name":"Roelofs Baumschule","article_published_time":"2021-07-06T12:31:51+00:00","article_modified_time":"2021-08-18T11:12:43+00:00","og_image":[{"width":2560,"height":1920,"url":"https:\/\/www.boomkwekerijroelofs.nl\/wp-content\/uploads\/sites\/3\/2021\/07\/appel-beurs-scaled.jpg","type":"image\/jpeg"}],"author":"claudia","twitter_card":"summary_large_image","twitter_misc":{"Verfasst von":"claudia","Gesch\u00e4tzte Lesezeit":"1\u00a0Minute"},"schema":{"@context":"https:\/\/schema.org","@graph":[{"@type":"Article","@id":"https:\/\/www.boomkwekerijroelofs.nl\/de\/apfeltag-2021\/#article","isPartOf":{"@id":"https:\/\/www.boomkwekerijroelofs.nl\/de\/apfeltag-2021\/"},"author":{"name":"claudia","@id":"https:\/\/www.boomkwekerijroelofs.nl\/de\/#\/schema\/person\/7094e601377c96bf36bbf7515fbcd04e"},"headline":"Apfeltag 2021","datePublished":"2021-07-06T12:31:51+00:00","dateModified":"2021-08-18T11:12:43+00:00","mainEntityOfPage":{"@id":"https:\/\/www.boomkwekerijroelofs.nl\/de\/apfeltag-2021\/"},"wordCount":49,"commentCount":0,"image":{"@id":"https:\/\/www.boomkwekerijroelofs.nl\/de\/apfeltag-2021\/#primaryimage"},"thumbnailUrl":"https:\/\/www.boomkwekerijroelofs.nl\/wp-content\/uploads\/sites\/3\/2021\/07\/appel-beurs-scaled.jpg","articleSection":["Geen categorie"],"inLanguage":"de","potentialAction":[{"@type":"CommentAction","name":"Comment","target":["https:\/\/www.boomkwekerijroelofs.nl\/de\/apfeltag-2021\/#respond"]}]},{"@type":"WebPage","@id":"https:\/\/www.boomkwekerijroelofs.nl\/de\/apfeltag-2021\/","url":"https:\/\/www.boomkwekerijroelofs.nl\/de\/apfeltag-2021\/","name":"Apfeltag 2021 - Roelofs Baumschule","isPartOf":{"@id":"https:\/\/www.boomkwekerijroelofs.nl\/de\/#website"},"primaryImageOfPage":{"@id":"https:\/\/www.boomkwekerijroelofs.nl\/de\/apfeltag-2021\/#primaryimage"},"image":{"@id":"https:\/\/www.boomkwekerijroelofs.nl\/de\/apfeltag-2021\/#primaryimage"},"thumbnailUrl":"https:\/\/www.boomkwekerijroelofs.nl\/wp-content\/uploads\/sites\/3\/2021\/07\/appel-beurs-scaled.jpg","datePublished":"2021-07-06T12:31:51+00:00","dateModified":"2021-08-18T11:12:43+00:00","author":{"@id":"https:\/\/www.boomkwekerijroelofs.nl\/de\/#\/schema\/person\/7094e601377c96bf36bbf7515fbcd04e"},"breadcrumb":{"@id":"https:\/\/www.boomkwekerijroelofs.nl\/de\/apfeltag-2021\/#breadcrumb"},"inLanguage":"de","potentialAction":[{"@type":"ReadAction","target":["https:\/\/www.boomkwekerijroelofs.nl\/de\/apfeltag-2021\/"]}]},{"@type":"ImageObject","inLanguage":"de","@id":"https:\/\/www.boomkwekerijroelofs.nl\/de\/apfeltag-2021\/#primaryimage","url":"https:\/\/www.boomkwekerijroelofs.nl\/wp-content\/uploads\/sites\/3\/2021\/07\/appel-beurs-scaled.jpg","contentUrl":"https:\/\/www.boomkwekerijroelofs.nl\/wp-content\/uploads\/sites\/3\/2021\/07\/appel-beurs-scaled.jpg","width":2560,"height":1920},{"@type":"BreadcrumbList","@id":"https:\/\/www.boomkwekerijroelofs.nl\/de\/apfeltag-2021\/#breadcrumb","itemListElement":[{"@type":"ListItem","position":1,"name":"Home","item":"https:\/\/www.boomkwekerijroelofs.nl\/de\/"},{"@type":"ListItem","position":2,"name":"Apfeltag 2021"}]},{"@type":"WebSite","@id":"https:\/\/www.boomkwekerijroelofs.nl\/de\/#website","url":"https:\/\/www.boomkwekerijroelofs.nl\/de\/","name":"Roelofs Baumschule","description":"","potentialAction":[{"@type":"SearchAction","target":{"@type":"EntryPoint","urlTemplate":"https:\/\/www.boomkwekerijroelofs.nl\/de\/?s={search_term_string}"},"query-input":{"@type":"PropertyValueSpecification","valueRequired":true,"valueName":"search_term_string"}}],"inLanguage":"de"},{"@type":"Person","@id":"https:\/\/www.boomkwekerijroelofs.nl\/de\/#\/schema\/person\/7094e601377c96bf36bbf7515fbcd04e","name":"claudia","image":{"@type":"ImageObject","inLanguage":"de","@id":"https:\/\/secure.gravatar.com\/avatar\/8ff051ffbd3b40f0e2c9f52365c326e19bf756e3665630a1663524105f7df52c?s=96&d=mm&r=g","url":"https:\/\/secure.gravatar.com\/avatar\/8ff051ffbd3b40f0e2c9f52365c326e19bf756e3665630a1663524105f7df52c?s=96&d=mm&r=g","contentUrl":"https:\/\/secure.gravatar.com\/avatar\/8ff051ffbd3b40f0e2c9f52365c326e19bf756e3665630a1663524105f7df52c?s=96&d=mm&r=g","caption":"claudia"},"url":"https:\/\/www.boomkwekerijroelofs.nl\/de\/author\/claudia\/"}]}},"_links":{"self":[{"href":"https:\/\/www.boomkwekerijroelofs.nl\/de\/wp-json\/wp\/v2\/posts\/425","targetHints":{"allow":["GET"]}}],"collection":[{"href":"https:\/\/www.boomkwekerijroelofs.nl\/de\/wp-json\/wp\/v2\/posts"}],"about":[{"href":"https:\/\/www.boomkwekerijroelofs.nl\/de\/wp-json\/wp\/v2\/types\/post"}],"author":[{"embeddable":true,"href":"https:\/\/www.boomkwekerijroelofs.nl\/de\/wp-json\/wp\/v2\/users\/2"}],"replies":[{"embeddable":true,"href":"https:\/\/www.boomkwekerijroelofs.nl\/de\/wp-json\/wp\/v2\/comments?post=425"}],"version-history":[{"count":4,"href":"https:\/\/www.boomkwekerijroelofs.nl\/de\/wp-json\/wp\/v2\/posts\/425\/revisions"}],"predecessor-version":[{"id":438,"href":"https:\/\/www.boomkwekerijroelofs.nl\/de\/wp-json\/wp\/v2\/posts\/425\/revisions\/438"}],"wp:featuredmedia":[{"embeddable":true,"href":"https:\/\/www.boomkwekerijroelofs.nl\/de\/wp-json\/wp\/v2\/media\/428"}],"wp:attachment":[{"href":"https:\/\/www.boomkwekerijroelofs.nl\/de\/wp-json\/wp\/v2\/media?parent=425"}],"wp:term":[{"taxonomy":"category","embeddable":true,"href":"https:\/\/www.boomkwekerijroelofs.nl\/de\/wp-json\/wp\/v2\/categories?post=425"},{"taxonomy":"post_tag","embeddable":true,"href":"https:\/\/www.boomkwekerijroelofs.nl\/de\/wp-json\/wp\/v2\/tags?post=425"}],"curies":[{"name":"wp","href":"https:\/\/api.w.org\/{rel}","templated":true}]}}